{"id":2520,"date":"2017-10-09T19:34:14","date_gmt":"2017-10-09T19:34:14","guid":{"rendered":"http:\/\/www.thomasisrael.be\/?p=2520"},"modified":"2017-10-09T19:36:36","modified_gmt":"2017-10-09T19:36:36","slug":"2-expositions-a-bruxelles-et-plus","status":"publish","type":"post","link":"https:\/\/thomasisrael.be\/fr\/2-expositions-a-bruxelles-et-plus\/","title":{"rendered":"2 Expositions a Bruxelles, et plus!"},"content":{"rendered":"<table role=\"presentation\" border=\"0\" cellspacing=\"0\" cellpadding=\"0\">\n<tbody>\n<tr>\n<td>\n<div>\n<table role=\"presentation\" border=\"0\" cellspacing=\"0\" cellpadding=\"0\" align=\"center\">\n<tbody>\n<tr>\n<td>\n<div class=\"mj-column-per-100 outlook-group-fix\">\n<table role=\"presentation\" border=\"0\" width=\"100%\" cellspacing=\"0\" cellpadding=\"0\">\n<tbody>\n<tr>\n<td align=\"left\">\n<div>\n<p>Bonjour,<\/p>\n<p>Ce jeudi commence l&rsquo;exposition\u00a0<a href=\"http:\/\/www.mjb-jmb.org\/\" target=\"_blank\" rel=\"noopener\">Bruxelles, terre d&rsquo;accueil?<\/a>\u00a0au Mus\u00e9e juif de Belgique. Kika Nicolela et moi-m\u00eame y pr\u00e9sentons des oeuvres in\u00e9dites \u00e0\u00a0Bruxelles.<\/p>\n<p>Puis ce wek-end, nous participons au\u00a0<a href=\"https:\/\/www.rodeart.be\/fr\/accueil\/\" target=\"_blank\" rel=\"noopener\">Parcours d&rsquo;artiste de Rhodes-Saint-Gen\u00e8se<\/a>\u00a0et ouvrons notre atelier avec un accrochage d&rsquo;oeuvres clefs abordables\u00a0de ces derni\u00e8res ann\u00e9es, dans un cadre d\u00e9contract\u00e9 propice \u00e0 la rencontre.<\/p>\n<p>En esp\u00e9rant votre visite, on se voit\u00a0si peu!<\/p>\n<\/div>\n<\/td>\n<\/tr>\n<tr>\n<td><\/td>\n<\/tr>\n<tr>\n<td align=\"center\">\n<table role=\"presentation\" border=\"0\" cellspacing=\"0\" cellpadding=\"0\" align=\"center\">\n<tbody>\n<tr>\n<td><a href=\"https:\/\/www.mahj.org\/fr\/programme\/golem-avatars-d-une-legende-d-argile-47805\" target=\"_blank\" rel=\"noopener\"><img decoding=\"async\" title=\"\" src=\"http:\/\/xu7z.mj.am\/img\/xu7z\/b\/18x63\/36p4.jpeg\" alt=\"EXILT\" width=\"550\" height=\"auto\" \/><\/a><\/td>\n<\/tr>\n<\/tbody>\n<\/table>\n<\/td>\n<\/tr>\n<tr>\n<td align=\"left\">\n<div>\n<p><b>Bruxelles : Terre d\u2019accueil ? &#8211;\u00a0\u00a0<a href=\"http:\/\/www.thomasisrael.be\/pf\/exilt\/\" target=\"_blank\" rel=\"noopener\">EXILT<\/a>\u00a0@\u00a0<a href=\"http:\/\/www.mjb-jmb.org\/\" target=\"_blank\" rel=\"noopener\">Mus\u00e9e Juif de Belgique<\/a><\/b><b>,<\/b>\u00a0Bruxelles<\/p>\n<p>Vernissage le jeudi 12 octobre<\/p>\n<p>Exposition du 12 octobre 2017 au 18-03-2018<\/p>\n<p>Cette exposition raconte comment la capitale belge s\u2019est peu \u00e0 peu transform\u00e9e en \u00ab ville-monde \u00bb. Elle retrace sur pr\u00e8s de deux si\u00e8cles le parcours de ces \u00e9trangers install\u00e9s \u00e0 Bruxelles pour quelques mois ou pour toujours, \u00e0 travers les objets qu\u2019ils ont emport\u00e9s avec eux, leurs t\u00e9moignages personnels ou leurs photographies de famille.<\/p>\n<p>Outre ce volet historique, \u00ab Bruxelles, terre d\u2019accueil ? \u00bb pr\u00e9sente le travail d\u2019artistes bas\u00e9s \u00e0 Bruxelles\u00a0 qui abordent la question migratoire et la diversit\u00e9 culturelle.<\/p>\n<p>Dans ce cadre, Je propose\u00a0<b><a href=\"http:\/\/www.thomasisrael.be\/pf\/exilt\/\" target=\"_blank\" rel=\"noopener\">EXILT<\/a><\/b>,\u00a0\u00a0cr\u00e9\u00e9 avec la participation des photo-journalistes\u00a0Reza, Johana de Tessi\u00e8res et Olivier Papegnies.\u00a0A partir de leurs portraits photos d\u2019exile\u0301s a\u0300 diff\u00e9rentes e\u0301tapes de leurs parcours, je trace des signes, courbes, traits, points sur leurs visages et leurs corps et\u00a0pousse nos regards a\u0300 s\u2019arre\u0302ter plus longtemps pour en saisir l\u2019unicite\u0301, la pre\u0301ciosite\u0301.<\/p>\n<p>Un ensemble de Fresques, dessins, vid\u00e9o projections et installations pour revenir \u00e0 l&rsquo;humain et affirmer\u00a0que nous sommes tous descendants\u00a0de r\u00e9fugi\u00e9s.<\/p>\n<\/div>\n<\/td>\n<\/tr>\n<tr>\n<td><\/td>\n<\/tr>\n<tr>\n<td align=\"center\">\n<table role=\"presentation\" border=\"0\" cellspacing=\"0\" cellpadding=\"0\" align=\"center\">\n<tbody>\n<tr>\n<td><a href=\"http:\/\/dadaclub.online\/2017\/01\/31\/thomas-israel\/\" target=\"_blank\" rel=\"noopener\"><img decoding=\"async\" title=\"\" src=\"http:\/\/xu7z.mj.am\/img\/xu7z\/b\/1q3nh\/xk4ij.jpeg\" alt=\"scriptus\" width=\"550\" height=\"auto\" \/><\/a><\/td>\n<\/tr>\n<\/tbody>\n<\/table>\n<\/td>\n<\/tr>\n<tr>\n<td align=\"left\">\n<div>\n<p><b>Parcours d&rsquo;artistes \/\/\u00a0Rhode-St-Gen\u00e8se, Belgium<\/b><\/p>\n<p>Samedi 14 et dianche 15 Octobre de\u00a010h \u00e0 18h<\/p>\n<p>Atelier n\u00b020 &#8211; 42 av des M\u00e9sanges &#8211; 1640 Rhodes Saint Gen\u00e8se<\/p>\n<p>Nous proposons Kika NIcolela et moi-m\u00eame une visite conviviale de noter atelier avec un accrochage\u00a0de quelques une de nos pi\u00e8ces importantes et abordables.<\/p>\n<p><a href=\"http:\/\/rwo.mj.am\/link\/rwo\/xs3gml7r\/a6\/DxAzn85r-2dyvxrms7IqbQ\/aHR0cHM6Ly93d3cucm9kZWFydC5iZS9mci9wbGFuLXBhcmNvdXJzLWRhcnRpc3Rlcy0yMDE3Lw\" target=\"_blank\" rel=\"noopener\">Voici la carte de tous les ateliers<\/a>.<\/p>\n<\/div>\n<\/td>\n<\/tr>\n<tr>\n<td><\/td>\n<\/tr>\n<tr>\n<td align=\"left\">\n<div>\n<p><b>Derniers jours!<\/b>\u00a0(jusqu&rsquo;au 15-10-2017)<\/p>\n<p><b><a href=\"http:\/\/www.hma.org.il\/eng\/Exhibitions\/4087\/AnonimX%3A_The_End_of_the_Privacy_Era\" target=\"_blank\" rel=\"noopener\">AnonimX: The End of the Privacy Era<\/a><\/b><a href=\"http:\/\/www.hma.org.il\/eng\/Exhibitions\/4087\/AnonimX%3A_The_End_of_the_Privacy_Era\" target=\"_blank\" rel=\"noopener\">\u00a0@\u00a0<\/a>Haifa Mus\u00e9um\u00a0 of art, Isra\u00ebl<\/p>\n<p><a href=\"http:\/\/www.hma.org.il\/eng\/Exhibitions\/4087\/AnonimX%3A_The_End_of_the_Privacy_Era\" target=\"_blank\" rel=\"noopener\">installation interactive<\/a><\/p>\n<\/div>\n<\/td>\n<\/tr>\n<tr>\n<td><\/td>\n<\/tr>\n<tr>\n<td align=\"left\">\n<div>\n<p><b>Et Bientot:<\/b><\/p>\n<\/div>\n<\/td>\n<\/tr>\n<tr>\n<td align=\"center\">\n<table role=\"presentation\" border=\"0\" cellspacing=\"0\" cellpadding=\"0\" align=\"center\">\n<tbody>\n<tr>\n<td><img decoding=\"async\" title=\"\" src=\"http:\/\/xu7z.mj.am\/img\/xu7z\/b\/1q3nh\/xk4ik.jpeg\" alt=\"\" width=\"550\" height=\"auto\" \/><\/td>\n<\/tr>\n<\/tbody>\n<\/table>\n<\/td>\n<\/tr>\n<tr>\n<td align=\"left\">\n<div>\n<p><b>SynchroniCITIES: BXL &#8211; SP \/\/ Casa do Brasil gallery \/\/ Brussels, Belgium<\/b><\/p>\n<p>27 octobre 6h\u00a0vernissage\u00a0 \/ exposition du 30\u00a0Oct au\u00a024\u00a0Nov<\/p>\n<p>Dialogues entre des artistes vid\u00e9astes de S\u00e3o Paulo &amp;\u00a0Bruxelles.<\/p>\n<p>commissariat de Kika Nicolela.\u00a0Artistes Participants: Marcelo Amorim, Lucas Bambozzi, Charley Case, Natalia de Mello, M\u00e1rcia Beatriz Granero, Thomas Israel,\u00a0Kika Nicolela, Ariane Loze, Gisela Motta &amp; Leandro Lima, Jacques Urbanska + Franck Soudan, Fernando Velazquez, Fran\u00e7ois Zaj\u00e9ga.<\/p>\n<\/div>\n<\/td>\n<\/tr>\n<tr>\n<td><\/td>\n<\/tr>\n<tr>\n<td align=\"center\">\n<table role=\"presentation\" border=\"0\" cellspacing=\"0\" cellpadding=\"0\" align=\"center\">\n<tbody>\n<tr>\n<td><img decoding=\"async\" title=\"\" src=\"http:\/\/xu7z.mj.am\/img\/xu7z\/b\/1q3nh\/xk4in.jpeg\" alt=\"\" width=\"550\" height=\"auto\" \/><\/td>\n<\/tr>\n<\/tbody>\n<\/table>\n<\/td>\n<\/tr>\n<tr>\n<td align=\"left\">\n<div>\n<p><b><a href=\"http:\/\/www.thomasisrael.be\/medical\/\" target=\"_blank\" rel=\"noopener\">A bout de souffle<\/a>\u00a0&#8211; Tourn\u00e9e sud-am\u00e9ricaine:<\/b><\/p>\n<p>Buenos Aires, Argentina, 1-11-2017<\/p>\n<p>M\u00e9rida, Mexico,\u00a011-11-2017<\/p>\n<\/div>\n<\/td>\n<\/tr>\n<\/tbody>\n<\/table>\n<\/div>\n<\/td>\n<\/tr>\n<\/tbody>\n<\/table>\n<\/div>\n<\/td>\n<\/tr>\n<\/tbody>\n<\/table>\n<div><\/div>\n","protected":false},"excerpt":{"rendered":"<p>Bonjour, Ce jeudi commence l&rsquo;exposition\u00a0Bruxelles, terre d&rsquo;accueil?\u00a0au Mus\u00e9e juif de Belgique. Kika Nicolela et moi-m\u00eame y pr\u00e9sentons des oeuvres in\u00e9dites \u00e0\u00a0Bruxelles. Puis ce wek-end, nous participons au\u00a0Parcours d&rsquo;artiste de Rhodes-Saint-Gen\u00e8se\u00a0et&#8230;<\/p>\n","protected":false},"author":1,"featured_media":0,"comment_status":"open","ping_status":"open","sticky":false,"template":"","format":"standard","meta":{"footnotes":""},"categories":[45,46],"tags":[],"_links":{"self":[{"href":"https:\/\/thomasisrael.be\/fr\/wp-json\/wp\/v2\/posts\/2520"}],"collection":[{"href":"https:\/\/thomasisrael.be\/fr\/wp-json\/wp\/v2\/posts"}],"about":[{"href":"https:\/\/thomasisrael.be\/fr\/wp-json\/wp\/v2\/types\/post"}],"author":[{"embeddable":true,"href":"https:\/\/thomasisrael.be\/fr\/wp-json\/wp\/v2\/users\/1"}],"replies":[{"embeddable":true,"href":"https:\/\/thomasisrael.be\/fr\/wp-json\/wp\/v2\/comments?post=2520"}],"version-history":[{"count":3,"href":"https:\/\/thomasisrael.be\/fr\/wp-json\/wp\/v2\/posts\/2520\/revisions"}],"predecessor-version":[{"id":2523,"href":"https:\/\/thomasisrael.be\/fr\/wp-json\/wp\/v2\/posts\/2520\/revisions\/2523"}],"wp:attachment":[{"href":"https:\/\/thomasisrael.be\/fr\/wp-json\/wp\/v2\/media?parent=2520"}],"wp:term":[{"taxonomy":"category","embeddable":true,"href":"https:\/\/thomasisrael.be\/fr\/wp-json\/wp\/v2\/categories?post=2520"},{"taxonomy":"post_tag","embeddable":true,"href":"https:\/\/thomasisrael.be\/fr\/wp-json\/wp\/v2\/tags?post=2520"}],"curies":[{"name":"wp","href":"https:\/\/api.w.org\/{rel}","templated":true}]}}