{"id":2150,"date":"2016-06-01T14:29:54","date_gmt":"2016-06-01T14:29:54","guid":{"rendered":"http:\/\/www.thomasisrael.be\/?p=2150"},"modified":"2022-01-19T20:42:52","modified_gmt":"2022-01-19T20:42:52","slug":"exhibit-in-june-and-july-2016","status":"publish","type":"post","link":"https:\/\/thomasisrael.be\/fr\/exhibit-in-june-and-july-2016\/","title":{"rendered":"EXHIBIT IN JUNE AND JULY 2016"},"content":{"rendered":"<div>\n<table border=\"0\" cellspacing=\"0\" cellpadding=\"0\">\n<tbody>\n<tr>\n<td>\n<div>\n<table border=\"0\" cellspacing=\"0\" cellpadding=\"0\" align=\"center\">\n<tbody>\n<tr>\n<td>\n<div class=\"mj-column-per-100\">\n<table border=\"0\" width=\"100%\" cellspacing=\"0\" cellpadding=\"0\">\n<tbody>\n<tr>\n<td align=\"center\">\n<table border=\"0\" cellspacing=\"0\" cellpadding=\"0\" align=\"center\">\n<tbody>\n<tr>\n<td><a href=\"http:\/\/www.maisonparticuliere.be\" target=\"_blank\">MUSEE JUIF + GALERIE CHARLOT + MUSEE DES BEAUX_ARTS DE MONS + FERNELMONT CONTEMPORARY<\/a><\/p>\n<p><a href=\"http:\/\/www.maisonparticuliere.be\" target=\"_blank\"><img decoding=\"async\" src=\"http:\/\/xu7z.mj.am\/img\/xu7z\/b\/1i98w\/09.jpeg\" alt=\"\" width=\"550\" height=\"auto\" \/><\/a><\/td>\n<\/tr>\n<\/tbody>\n<\/table>\n<\/td>\n<\/tr>\n<tr>\n<td align=\"left\">\n<div>\n<h2>100 Artistes en Libert\u00e9 &#8211; Mus\u00e9e Juif de Belgique<\/h2>\n<p>Fr:\u00a0 Ma performance du w-e dernier, <i>Derme<\/i>,\u00a0 \u00e0 produit une installation vid\u00e9o qui est visible ce w-e de 10h \u00e0 17h avec quelques surprises suppl\u00e9mentaires. Expo chant du cygne du batiment avant destruction et acte de r\u00e9sistance \u00e0 la barbarie, les 100 artistes seront l\u00e0 pour parler de leur travail et vendre les oeuvres produites au mus\u00e9e (dont Kika Nicolela, Charlemagne Palestine, Dalia Nostratabadi,&#8230;).<\/p>\n<p>Eng: My performance of last w-e have left a video instalation and a few surprises for this w-e. Both faire well party for the building befor his destruction and resistence act agains barbarism, the 1000 artist will be there to talk about their work and sell the works produced last w-e in the museum (with Kika Nicolela, Charlemagne Palestine, Dalia Nostratabadi,&#8230;)..<\/p>\n<p>10h &#8211; 17h &#8211; samedi 27 et dimanche 28 mai (Entr\u00e9e Gratuite\u00a0 &#8211; free entrance)<\/p>\n<p>Mus\u00e9e Juif de Belgique &#8211; Rue des Minimes 21, 1000 Bruxelles<i> &#8211; site web<\/i><\/p>\n<\/div>\n<\/td>\n<\/tr>\n<tr>\n<td><\/td>\n<\/tr>\n<tr>\n<td align=\"center\">\n<table border=\"0\" cellspacing=\"0\" cellpadding=\"0\" align=\"center\">\n<tbody>\n<tr>\n<td><a href=\"http:\/\/www.thomasisrael.be\" target=\"_blank\"><img decoding=\"async\" src=\"http:\/\/xu7z.mj.am\/img\/xu7z\/b\/1i98w\/sw.jpeg\" alt=\"\" width=\"550\" height=\"auto\" \/><\/a><\/td>\n<\/tr>\n<\/tbody>\n<\/table>\n<\/td>\n<\/tr>\n<tr>\n<td align=\"left\">\n<div>\n<p><b>EXILT &#8211; Galerie Charlot &#8211; Derniers jours et finisage<\/b><\/p>\n<p><a href=\"http:\/\/www.thomasisrael.be\/pdf\/supllb_20160513_art_full%281%29.pdf\" target=\"_blank\"><u>Lire l&rsquo;article de la Libre Belgique <\/u><\/a><\/p>\n<p>Fr: La Galerie Charlot a le plaisir de vous inviter au Finissage de \u00ab\u00a0EXILT\u00a0\u00bb, troisi\u00e8me exposition de Thomas Isra\u00ebl \u00e0 la Galerie Charlot. Fusion des mots \u00ab\u00a0Exil\u00a0\u00bb et \u00ab\u00a0EXIT\u00a0\u00bb, le titre de l&rsquo;exposition fait r\u00e9f\u00e9rence \u00e0 l&rsquo;urgence de sortir d&rsquo;un pays et aux cons\u00e9quences de ces d\u00e9parts forc\u00e9s. En collaboration avec trois photographes reporters (Reza, Johanna de Tessi\u00e8res et Olivier Papegnies), ses dessins, tirages photo et vid\u00e9os rendront hommage aux vies des r\u00e9fugi\u00e9s contemporains, en nous invitant \u00e0 nous recentrer sur l&rsquo;Humanit\u00e9.<\/p>\n<p>Eng: Galerie Charlot is pleased to invite you to the Finishing of \u00a0\u00bb EXILT \u00a0\u00bb Thomas Israel third exhibition at the Galerie. Fusion of the words \u00a0\u00bb Exile \u00a0\u00bb and \u00a0\u00bb EXIT\u00a0\u00bb, the title of the exhibition refers to the emergency exit of a country and the consequences of these forced departures . Together with three reporters photographers (Reza, Olivier and Johanna Tessieres Papegnies ) , drawings, videos and photo prints will honor the lives of contemporary refugees, and invite us to refocus on Humanity.<\/p>\n<p>Du mardi au samedi de 14h \u00e0 19h<\/p>\n<p>Finisage: Samedi 4 juin de 18h \u00e0 21h \u00e0 la Galerie, en pr\u00e9sence de l&rsquo;artiste.<\/p>\n<p>Galerie Charlot: 47 Rue Charlot, 75003 Paris\u00a0 &#8211;<u><a href=\"http:\/\/www.galeriecharlot.com\/\" target=\"_blank\"> site web<\/a><\/u><\/p>\n<p>\u00a9 photo: Olivier Papegnier et thomas Isra\u00ebl<\/p>\n<\/div>\n<\/td>\n<\/tr>\n<tr>\n<td><\/td>\n<\/tr>\n<tr>\n<td align=\"center\">\n<table border=\"0\" cellspacing=\"0\" cellpadding=\"0\" align=\"center\">\n<tbody>\n<tr>\n<td><a href=\"http:\/\/www.thomasisrael.be\" target=\"_blank\"><img decoding=\"async\" src=\"http:\/\/xu7z.mj.am\/img\/xu7z\/b\/1i98w\/ss.jpeg\" alt=\"\" width=\"550\" height=\"auto\" \/><\/a><\/td>\n<\/tr>\n<\/tbody>\n<\/table>\n<\/td>\n<\/tr>\n<tr>\n<td align=\"justify\">\n<div>\n<p><b>BAM &#8211; Mus\u00e9e des Beaux-Arts de Mons &#8211; Digital echoes<\/b><\/p>\n<p>Fr: En \u00e9cho \u00e0 l&rsquo;exposition \u00ab\u00a0Premiers Vid\u00e9astes\u00a0\u00bb de Bill Viola et Terry Fox, <i>Digital echoes<\/i> propos\u00e9 par transcultures rebondis sur plusieurs artistes num\u00e9riques belges. J&rsquo;y pr\u00e9sente deux de mes premieres vid\u00e9o: T commes&#8230; et Looking for Cindy.<\/p>\n<p>Eng: Echoing the exhibition \u00a0\u00bb First Videographers \u00a0\u00bb by Bill Viola and Terry Fox, <i>Digital echoes<\/i> proposed by Transcultures exhibit several Belgian digital artists. I present two of my first video: T commes &#8230; and Looking for Cindy.<\/p>\n<p>28.05&gt;12.06.2016<\/p>\n<p>10 &gt; 18:00 (ferm\u00e9 le lundi \u2013 closed on Monday)<\/p>\n<p>BAM \u2013 Mus\u00e9e des Beaux Arts de Mons<\/p>\n<p>8 rue Neuve Mons<\/p>\n<p>gratuit pour Digital Echeos \u2013 9\/6\u20ac pour l\u2019exposition<\/p>\n<p><a href=\"http:\/\/transcultures.be\" target=\"_blank\">transcultures.be<\/a>\u00a0\u2013 <a href=\"http:\/\/bam.mons.be\" target=\"_blank\">bam.mons.be<\/a><\/p>\n<\/div>\n<\/td>\n<\/tr>\n<tr>\n<td><\/td>\n<\/tr>\n<tr>\n<td align=\"center\">\n<table border=\"0\" cellspacing=\"0\" cellpadding=\"0\" align=\"center\">\n<tbody>\n<tr>\n<td><a href=\"http:\/\/www.thomasisrael.be\" target=\"_blank\"><img decoding=\"async\" src=\"http:\/\/xu7z.mj.am\/img\/xu7z\/b\/1i98w\/sx.jpeg\" alt=\"\" width=\"550\" height=\"auto\" \/><\/a><\/td>\n<\/tr>\n<\/tbody>\n<\/table>\n<\/td>\n<\/tr>\n<tr>\n<td align=\"justify\">\n<div>\n<p><b>FERNELMONT CONTEMPORARY FESTIVAL 2016- Ch\u00e2teau de Fernelmont<\/b><\/p>\n<p>Fr: J&rsquo;y expose sculpture, dessin et installation vid\u00e9o dans le merveilleux cadre du Chateau.<\/p>\n<p>Eng: I&rsquo;ll exhibit this year sculpture, drawings and video installation.<\/p>\n<p>Du 25 juin au 11 septembre 2016<\/p>\n<p>Vernissage: samedi 25 juin \u00e0 partir de 16H00.<\/p>\n<p>Vendredi \u2013 Samedi \u2013 Dimanche de 14H00 &#8211; 19H00.<\/p>\n<p>Du Lundi au Jeudi sur Rendez Vous<\/p>\n<p><a href=\"http:\/\/www.chateaudefernelmont.be\/\" target=\"_blank\">siteweb<\/a> &#8211; contact: contact@chateaudefernelmont.be<\/p>\n<\/div>\n<\/td>\n<\/tr>\n<tr>\n<td><\/td>\n<\/tr>\n<\/tbody>\n<\/table>\n<\/div>\n<\/td>\n<\/tr>\n<\/tbody>\n<\/table>\n<\/div>\n<\/td>\n<\/tr>\n<\/tbody>\n<\/table>\n<div>\n<table border=\"0\" cellspacing=\"0\" cellpadding=\"0\" align=\"center\">\n<tbody>\n<tr>\n<td>\n<div class=\"mj-column-per-50\">\n<table border=\"0\" width=\"100%\" cellspacing=\"0\" cellpadding=\"0\">\n<tbody>\n<tr>\n<td align=\"left\">\n<div>\n<h2>et bient\u00f4t &#8230;\u00a0and soon&#8230;<\/h2>\n<p>SKINSTRAP + Worshop<\/p>\n<p>SESC &#8211; Sao Paulo<\/p>\n<p>juillet\u00a0 2016<\/p>\n<p>&nbsp;<\/p>\n<p><a href=\"http:\/\/www.thomasisrael.be\" target=\"_blank\">www.thomasisrael.be<\/a><\/p>\n<\/div>\n<\/td>\n<\/tr>\n<\/tbody>\n<\/table>\n<\/div>\n<div class=\"mj-column-per-50\">\n<table border=\"0\" width=\"100%\" cellspacing=\"0\" cellpadding=\"0\">\n<tbody>\n<tr>\n<td align=\"center\">\n<table border=\"0\" cellspacing=\"0\" cellpadding=\"0\" align=\"center\">\n<tbody>\n<tr>\n<td><img decoding=\"async\" src=\"http:\/\/xu7z.mj.am\/img\/xu7z\/b\/1i98w\/s0.jpeg\" alt=\"\" width=\"300\" height=\"auto\" \/><\/td>\n<\/tr>\n<\/tbody>\n<\/table>\n<\/td>\n<\/tr>\n<\/tbody>\n<\/table>\n<\/div>\n<\/td>\n<\/tr>\n<\/tbody>\n<\/table>\n<\/div>\n<table border=\"0\" cellspacing=\"0\" cellpadding=\"0\">\n<tbody>\n<tr>\n<td>\n<div>\n<table border=\"0\" cellspacing=\"0\" cellpadding=\"0\" align=\"center\">\n<tbody>\n<tr>\n<td>\n<div class=\"mj-column-per-100\">\n<table border=\"0\" width=\"100%\" cellspacing=\"0\" cellpadding=\"0\">\n<tbody>\n<tr>\n<td align=\"center\">\n<div>\n<p>Cet email a \u00e9t\u00e9 envoy\u00e9 \u00e0 , <a href=\"http:\/\/xu7z.mj.am\/nl2\/xu7z\/[[UNSUB_LINK_FR]]\" target=\"_blank\">cliquez ici pour vous d\u00e9sabonner<\/a>.<\/p>\n<\/div>\n<\/td>\n<\/tr>\n<tr>\n<td align=\"center\"><\/td>\n<\/tr>\n<\/tbody>\n<\/table>\n<\/div>\n<\/td>\n<\/tr>\n<\/tbody>\n<\/table>\n<\/div>\n<\/td>\n<\/tr>\n<\/tbody>\n<\/table>\n<\/div>\n","protected":false},"excerpt":{"rendered":"<p>MUSEE JUIF + GALERIE CHARLOT + MUSEE DES BEAUX_ARTS DE MONS + FERNELMONT CONTEMPORARY 100 Artistes en Libert\u00e9 &#8211; Mus\u00e9e Juif de Belgique Fr:\u00a0 Ma performance du w-e dernier, Derme,\u00a0&#8230;<\/p>\n","protected":false},"author":1,"featured_media":0,"comment_status":"closed","ping_status":"open","sticky":false,"template":"","format":"standard","meta":{"footnotes":""},"categories":[1],"tags":[],"_links":{"self":[{"href":"https:\/\/thomasisrael.be\/fr\/wp-json\/wp\/v2\/posts\/2150"}],"collection":[{"href":"https:\/\/thomasisrael.be\/fr\/wp-json\/wp\/v2\/posts"}],"about":[{"href":"https:\/\/thomasisrael.be\/fr\/wp-json\/wp\/v2\/types\/post"}],"author":[{"embeddable":true,"href":"https:\/\/thomasisrael.be\/fr\/wp-json\/wp\/v2\/users\/1"}],"replies":[{"embeddable":true,"href":"https:\/\/thomasisrael.be\/fr\/wp-json\/wp\/v2\/comments?post=2150"}],"version-history":[{"count":2,"href":"https:\/\/thomasisrael.be\/fr\/wp-json\/wp\/v2\/posts\/2150\/revisions"}],"predecessor-version":[{"id":2152,"href":"https:\/\/thomasisrael.be\/fr\/wp-json\/wp\/v2\/posts\/2150\/revisions\/2152"}],"wp:attachment":[{"href":"https:\/\/thomasisrael.be\/fr\/wp-json\/wp\/v2\/media?parent=2150"}],"wp:term":[{"taxonomy":"category","embeddable":true,"href":"https:\/\/thomasisrael.be\/fr\/wp-json\/wp\/v2\/categories?post=2150"},{"taxonomy":"post_tag","embeddable":true,"href":"https:\/\/thomasisrael.be\/fr\/wp-json\/wp\/v2\/tags?post=2150"}],"curies":[{"name":"wp","href":"https:\/\/api.w.org\/{rel}","templated":true}]}}