{"id":1952,"date":"2016-01-14T19:52:51","date_gmt":"2016-01-14T19:52:51","guid":{"rendered":"http:\/\/www.thomasisrael.be\/?p=1952&#038;lang=fr"},"modified":"2022-01-19T20:42:53","modified_gmt":"2022-01-19T20:42:53","slug":"francs-parlers-2015voyage-subjectif-dans-la-perception-de-la-couleur-en-occident-2","status":"publish","type":"post","link":"https:\/\/thomasisrael.be\/fr\/francs-parlers-2015voyage-subjectif-dans-la-perception-de-la-couleur-en-occident-2\/","title":{"rendered":"FRANCS-PARLERS 2015<br\/><span class=\"small\" >Voyage subjectif dans la perception de la couleur en Occident<\/span>"},"content":{"rendered":"[vc_row][vc_column width=\u00a0\u00bb1\/1&Prime;][vc_column_text]\n<div class=\"post-content\">\n<p style=\"text-align: right;\">(Sorry this publication is in french only, because the book is in french only.)<\/p>\n<p>Suite \u00e0 une interview pour l&rsquo;\u00e9mission radiophonique de la Pens\u00e9e et les hommes, Jacques Lemaire m&rsquo;as \u00e9t\u00e9 demand\u00e9\u00a0un texte th\u00e9orique qui contribuerait \u00e0 leur r\u00e9flexion. \u00a0J&rsquo;ai pris grand plaisir \u00e0 formaliser mon travail de recherche \u00e0 propos de la perception de\u00a0la couleur en occident dans cet article de vulgarisation.<\/p>\n<p>Prix: 15 \u20ac le volume <u>+ 3,85 \u20ac pour frais d\u2019envoi Belgique ou + 10 \u20ac pour frais d\u2019envoi vers l\u2019\u00e9tranger<\/u><\/p>\n<p>Ce volume est \u00e9galement disponible en livre num\u00e9rique au prix de 10 \u20ac<strong><br \/>\n<\/strong>Cette revue est disponible aupr\u00e8s dela Pens\u00e9e et les hommes :\u00a0<a href=\"mailto:secretariat@lapenseeetleshommes.be\">secretariat@lapenseeetleshommes.be<\/a> ou\u00a0(+322 640 15 20)<\/p>\n<p><strong><a href=\"http:\/\/www.thomasisrael.be\/wp-content\/uploads\/2016\/01\/la_pensee_et_les_hommes_n9.jpeg\"><img data-dominant-color=\"d6bd9c\" data-has-transparency=\"false\" style=\"--dominant-color: #d6bd9c;\" loading=\"lazy\" decoding=\"async\" class=\"not-transparent alignnone wp-image-1943\" src=\"http:\/\/www.thomasisrael.be\/wp-content\/uploads\/2016\/01\/la_pensee_et_les_hommes_n9-201x300.jpeg\" alt=\"la_pensee_et_les_hommes_n9\" width=\"265\" height=\"396\" \/><\/a><\/strong><\/p>\n<p><strong>TABLES DES MATI\u00c8RES:<\/strong><\/p>\n<p><strong>Marcel Voisin<br \/>\n<\/strong><em>Orwell et nous<\/em><\/p>\n<p><strong>Nicole Decostre<br \/>\n<\/strong><em>\u00c9duquer \u00e0 l&rsquo;\u00e9thique<\/em><\/p>\n<p><strong>Georges Sand<br \/>\n<\/strong><em>D\u00e9marche scientifique ou dogmatique un choix de soci\u00e9t\u00e9<\/em><\/p>\n<p><strong>Jos\u00e9 Mario Horenstein<br \/>\n<\/strong><em>L&rsquo;enseignement, m\u00e9tier \u00e0 usure<\/em><\/p>\n<p><strong>Roland Perceval<br \/>\n<\/strong><em>Le 150<sup>e<\/sup> anniversaire de la Ligue de l&rsquo;Enseignement et de l&rsquo;\u00c9ducation permanente<\/em><\/p>\n<p><strong>Patrice Dartevelle<br \/>\n<\/strong><em>Le retour de la spiritualit\u00e9 nouveau masque des religions\u00a0?<\/em><\/p>\n<p><strong>Jean Cambier<br \/>\n<\/strong><em>Petit essai sur l&rsquo;existence de Dieu<\/em><\/p>\n<p><strong>Willy De Winne<br \/>\n<\/strong><em>Une histoire cosmique<\/em><\/p>\n<p><strong>Patrice Dartevelle<br \/>\n<\/strong><em>Vrais et faux rem\u00e8des pour sauver l&rsquo;\u00c9glise\u00a0: le cas de Hans K\u00fcng<\/em><\/p>\n<p><strong>Charles Susanne<br \/>\n<\/strong><em>Vous avez dit humain\u00a0?<\/em><\/p>\n<p><strong>\u00c9mile Peeters<br \/>\n<\/strong><em>Haro sur l&rsquo;\u00e9litisme social, vive l&rsquo;\u00e9litisme intellectuel\u00a0!<\/em><\/p>\n<p><strong>Chemsi Cheref-Khan<\/strong><br \/>\n<em>Islam politique ou d\u00e9mocratie musulmane\u00a0? Subir ou choisir\u00a0?<\/em><\/p>\n<p><strong>Marcel Bolle De Bal<br \/>\n<\/strong><em>R\u00e9habilitation du \u00ab\u00a0phallocrate\u00a0\u00bb<\/em><\/p>\n<p><strong>Georges Brandstatter<br \/>\n<\/strong><em>La d\u00e9portation des Juifs d&rsquo;Europe 1942-1945<\/em><\/p>\n<p><strong>Com\u00e9lie Mathys<br \/>\n<\/strong><em>La<\/em> Biblioth\u00e8que de Propagande <em>(1903-1914)\u00a0: une action ma\u00e7onnique anticl\u00e9ricale vers le monde profane<\/em><\/p>\n<p><strong>Thomas Isra\u00ebl<br \/>\n<\/strong><em>Voyage subjectif dans la perception de la couleur en Occident\u00a0: de l&rsquo;Antiquit\u00e9 \u00e0 nos jours<\/em><\/p>\n<\/div>\n[\/vc_column_text][\/vc_column][\/vc_row]\n","protected":false},"excerpt":{"rendered":"<p>[vc_row][vc_column width=\u00a0\u00bb1\/1&Prime;][vc_column_text] (Sorry this publication is in french only, because the book is in french only.) Suite \u00e0 une interview pour l&rsquo;\u00e9mission radiophonique de la Pens\u00e9e et les hommes, Jacques&#8230;<\/p>\n","protected":false},"author":1,"featured_media":1944,"comment_status":"closed","ping_status":"open","sticky":false,"template":"","format":"standard","meta":{"footnotes":""},"categories":[46,47],"tags":[],"_links":{"self":[{"href":"https:\/\/thomasisrael.be\/fr\/wp-json\/wp\/v2\/posts\/1952"}],"collection":[{"href":"https:\/\/thomasisrael.be\/fr\/wp-json\/wp\/v2\/posts"}],"about":[{"href":"https:\/\/thomasisrael.be\/fr\/wp-json\/wp\/v2\/types\/post"}],"author":[{"embeddable":true,"href":"https:\/\/thomasisrael.be\/fr\/wp-json\/wp\/v2\/users\/1"}],"replies":[{"embeddable":true,"href":"https:\/\/thomasisrael.be\/fr\/wp-json\/wp\/v2\/comments?post=1952"}],"version-history":[{"count":1,"href":"https:\/\/thomasisrael.be\/fr\/wp-json\/wp\/v2\/posts\/1952\/revisions"}],"predecessor-version":[{"id":1953,"href":"https:\/\/thomasisrael.be\/fr\/wp-json\/wp\/v2\/posts\/1952\/revisions\/1953"}],"wp:featuredmedia":[{"embeddable":true,"href":"https:\/\/thomasisrael.be\/fr\/wp-json\/wp\/v2\/media\/1944"}],"wp:attachment":[{"href":"https:\/\/thomasisrael.be\/fr\/wp-json\/wp\/v2\/media?parent=1952"}],"wp:term":[{"taxonomy":"category","embeddable":true,"href":"https:\/\/thomasisrael.be\/fr\/wp-json\/wp\/v2\/categories?post=1952"},{"taxonomy":"post_tag","embeddable":true,"href":"https:\/\/thomasisrael.be\/fr\/wp-json\/wp\/v2\/tags?post=1952"}],"curies":[{"name":"wp","href":"https:\/\/api.w.org\/{rel}","templated":true}]}}